{"id":344,"date":"2024-02-12T15:29:18","date_gmt":"2024-02-12T15:29:18","guid":{"rendered":"https:\/\/msrbikes.com\/blog\/?p=344"},"modified":"2024-07-26T08:06:41","modified_gmt":"2024-07-26T08:06:41","slug":"edad-llevar-patinete-electrico","status":"publish","type":"post","link":"https:\/\/msrbikes.com\/blog\/edad-llevar-patinete-electrico\/","title":{"rendered":"\u00bfA qu\u00e9 edad se puede llevar patinete el\u00e9ctrico?"},"content":{"rendered":"<p>Los<strong> patinetes el\u00e9ctricos<\/strong> han ganado popularidad como una opci\u00f3n de movilidad divertida y eficiente, pero cuando se trata de <strong>permitir que los ni\u00f1os o adolescentes utilicen<\/strong> <strong>patinetes el\u00e9ctricos<\/strong>, surge la pregunta crucial: <strong>\u00bfa qu\u00e9 edad es apropiado permitir el uso de un patinete el\u00e9ctrico?<\/strong> En este post destacamos las consideraciones clave para tomar decisiones informadas y seguras.<\/p>\n<h2>1. Normativas y legislaci\u00f3n<\/h2>\n<p>Antes de permitir que un ni\u00f1o o adolescente utilice un patinete el\u00e9ctrico, es fundamental <strong>conocer las normativas y leyes locales.<\/strong> Las regulaciones pueden variar considerablemente seg\u00fan la ubicaci\u00f3n, y algunas regiones tienen restricciones espec\u00edficas en cuanto a la edad para el uso de patinetes el\u00e9ctricos. Por norma general,<strong> muchas provincias en Espa\u00f1a establecen la edad m\u00ednima en 16 a\u00f1os<\/strong>, aunque para m\u00e1s seguridad, siempre es mejor que te informes en tu respectivo ayuntamiento.<\/p>\n<p>Aseg\u00farate de estar al tanto de las leyes en tu \u00e1rea y sigue las pautas establecidas para garantizar la seguridad del usuario y cumplir con las normativas locales.<\/p>\n<h2>2. Factores de seguridad<\/h2>\n<p><strong>La seguridad debe ser la principal preocupaci\u00f3n<\/strong> al considerar la edad adecuada para el uso de patinetes el\u00e9ctricos. <strong>Eval\u00faa la madurez y habilidades del ni\u00f1o o adolescente<\/strong> en cuesti\u00f3n. Aunque la edad puede ser un factor, la capacidad de seguir las reglas de tr\u00e1fico, tomar decisiones r\u00e1pidas y tener un sentido de responsabilidad son elementos cruciales para un uso seguro del patinete el\u00e9ctrico. Adem\u00e1s, es fundamental que los usuarios comprendan y utilicen el equipo de protecci\u00f3n adecuado, como cascos, rodilleras y coderas.<\/p>\n<h2>3. Edad recomendada por fabricantes<\/h2>\n<p><strong>Los fabricantes<\/strong> de patinetes el\u00e9ctricos a menudo <strong>proporcionan recomendaciones espec\u00edficas de edad<\/strong> para sus productos. Estas recomendaciones se basan en el dise\u00f1o y las caracter\u00edsticas del patinete, as\u00ed como en consideraciones de seguridad. Al seleccionar un patinete el\u00e9ctrico, ten en cuenta las sugerencias del fabricante y elige un modelo que se adapte a la edad y habilidades del usuario previsto.<\/p>\n<h2>4. Supervisi\u00f3n y responsabilidad de los padres<\/h2>\n<p>Independientemente de la edad, <strong>la supervisi\u00f3n parental es esencial cuando se permite a un ni\u00f1o o adolescente utilizar un patinete el\u00e9ctrico.<\/strong> Los padres deben establecer reglas claras y comunicar las expectativas de comportamiento seguro. La <strong>ense\u00f1anza de las normas de tr\u00e1fico<\/strong> y la importancia de respetar las se\u00f1ales y reglas viales tambi\u00e9n contribuir\u00e1 a un uso m\u00e1s seguro del patinete el\u00e9ctrico. La responsabilidad compartida entre padres e hijos es clave para garantizar una experiencia de conducci\u00f3n segura y positiva.<\/p>\n<p>En definitiva, <strong>determinar a qu\u00e9 edad es apropiado permitir el uso de un patinete el\u00e9ctrico<\/strong> implica una cuidadosa <strong>evaluaci\u00f3n de varios factores<\/strong>. Al equilibrar estos factores y proporcionar una orientaci\u00f3n s\u00f3lida, los padres pueden <strong>garantizar que sus hijos disfruten de la emoci\u00f3n de un patinete el\u00e9ctrico de manera segura y responsable<\/strong>. Recuerda que la seguridad siempre debe ser la prioridad principal para garantizar una experiencia positiva y sin riesgos.<\/p>\n<p>MSR Bikes es tu tienda de <a href=\"https:\/\/msrbikes.com\/\"><strong>patinetes el\u00e9ctricos en Murcia<\/strong><\/a>.<\/p>\n","protected":false},"excerpt":{"rendered":"<p>Los patinetes el\u00e9ctricos han ganado popularidad como una opci\u00f3n de movilidad divertida y eficiente, pero cuando se trata de permitir que los ni\u00f1os o adolescentes utilicen patinetes el\u00e9ctricos, surge la pregunta crucial: \u00bfa qu\u00e9 edad es apropiado permitir el uso de un patinete el\u00e9ctrico? En este post destacamos las consideraciones clave para tomar decisiones informadas [&hellip;]<\/p>\n","protected":false},"author":1,"featured_media":346,"comment_status":"open","ping_status":"open","sticky":false,"template":"","format":"standard","meta":{"footnotes":""},"categories":[11],"tags":[],"class_list":["post-344","post","type-post","status-publish","format-standard","has-post-thumbnail","hentry","category-patinetes-electricos"],"yoast_head":"<!-- This site is optimized with the Yoast SEO Premium plugin v21.4 (Yoast SEO v27.2) - https:\/\/yoast.com\/product\/yoast-seo-premium-wordpress\/ -->\n<title>\u00bfA qu\u00e9 edad se puede llevar patinete el\u00e9ctrico?<\/title>\n<meta name=\"description\" content=\"\u00bfA qu\u00e9 edad se puede llevar patinete el\u00e9ctrico? Respuestas AQU\u00cd con consideraciones a tener en cuenta.\" \/>\n<meta name=\"robots\" content=\"index, follow, max-snippet:-1, max-image-preview:large, max-video-preview:-1\" \/>\n<link rel=\"canonical\" href=\"https:\/\/msrbikes.com\/blog\/edad-llevar-patinete-electrico\/\" \/>\n<meta property=\"og:locale\" content=\"es_ES\" \/>\n<meta property=\"og:type\" content=\"article\" \/>\n<meta property=\"og:title\" content=\"\u00bfA qu\u00e9 edad se puede llevar patinete el\u00e9ctrico?\" \/>\n<meta property=\"og:description\" content=\"\u00bfA qu\u00e9 edad se puede llevar patinete el\u00e9ctrico? Respuestas AQU\u00cd con consideraciones a tener en cuenta.\" \/>\n<meta property=\"og:url\" content=\"https:\/\/msrbikes.com\/blog\/edad-llevar-patinete-electrico\/\" \/>\n<meta property=\"og:site_name\" content=\"MSRBikes\" \/>\n<meta property=\"article:published_time\" content=\"2024-02-12T15:29:18+00:00\" \/>\n<meta property=\"article:modified_time\" content=\"2024-07-26T08:06:41+00:00\" \/>\n<meta property=\"og:image\" content=\"https:\/\/msrbikes.com\/blog\/wp-content\/uploads\/2024\/02\/boy-riding-an-electric-scooter-2023-11-27-05-09-50-utc.jpg\" \/>\n\t<meta property=\"og:image:width\" content=\"1152\" \/>\n\t<meta property=\"og:image:height\" content=\"768\" \/>\n\t<meta property=\"og:image:type\" content=\"image\/jpeg\" \/>\n<meta name=\"author\" content=\"admin\" \/>\n<meta name=\"twitter:card\" content=\"summary_large_image\" \/>\n<meta name=\"twitter:label1\" content=\"Escrito por\" \/>\n\t<meta name=\"twitter:data1\" content=\"admin\" \/>\n\t<meta name=\"twitter:label2\" content=\"Tiempo de lectura\" \/>\n\t<meta name=\"twitter:data2\" content=\"3 minutos\" \/>\n<script type=\"application\/ld+json\" class=\"yoast-schema-graph\">{\"@context\":\"https:\/\/schema.org\",\"@graph\":[{\"@type\":\"Article\",\"@id\":\"https:\/\/msrbikes.com\/blog\/edad-llevar-patinete-electrico\/#article\",\"isPartOf\":{\"@id\":\"https:\/\/msrbikes.com\/blog\/edad-llevar-patinete-electrico\/\"},\"author\":{\"name\":\"admin\",\"@id\":\"https:\/\/msrbikes.com\/blog\/#\/schema\/person\/cd6a4724a94cbf8a6bcf1746b8090e78\"},\"headline\":\"\u00bfA qu\u00e9 edad se puede llevar patinete el\u00e9ctrico?\",\"datePublished\":\"2024-02-12T15:29:18+00:00\",\"dateModified\":\"2024-07-26T08:06:41+00:00\",\"mainEntityOfPage\":{\"@id\":\"https:\/\/msrbikes.com\/blog\/edad-llevar-patinete-electrico\/\"},\"wordCount\":532,\"commentCount\":0,\"image\":{\"@id\":\"https:\/\/msrbikes.com\/blog\/edad-llevar-patinete-electrico\/#primaryimage\"},\"thumbnailUrl\":\"https:\/\/msrbikes.com\/blog\/wp-content\/uploads\/2024\/02\/boy-riding-an-electric-scooter-2023-11-27-05-09-50-utc.jpg\",\"articleSection\":[\"PATINETES EL\u00c9CTRICOS\"],\"inLanguage\":\"es\",\"potentialAction\":[{\"@type\":\"CommentAction\",\"name\":\"Comment\",\"target\":[\"https:\/\/msrbikes.com\/blog\/edad-llevar-patinete-electrico\/#respond\"]}]},{\"@type\":\"WebPage\",\"@id\":\"https:\/\/msrbikes.com\/blog\/edad-llevar-patinete-electrico\/\",\"url\":\"https:\/\/msrbikes.com\/blog\/edad-llevar-patinete-electrico\/\",\"name\":\"\u00bfA qu\u00e9 edad se puede llevar patinete el\u00e9ctrico?\",\"isPartOf\":{\"@id\":\"https:\/\/msrbikes.com\/blog\/#website\"},\"primaryImageOfPage\":{\"@id\":\"https:\/\/msrbikes.com\/blog\/edad-llevar-patinete-electrico\/#primaryimage\"},\"image\":{\"@id\":\"https:\/\/msrbikes.com\/blog\/edad-llevar-patinete-electrico\/#primaryimage\"},\"thumbnailUrl\":\"https:\/\/msrbikes.com\/blog\/wp-content\/uploads\/2024\/02\/boy-riding-an-electric-scooter-2023-11-27-05-09-50-utc.jpg\",\"datePublished\":\"2024-02-12T15:29:18+00:00\",\"dateModified\":\"2024-07-26T08:06:41+00:00\",\"author\":{\"@id\":\"https:\/\/msrbikes.com\/blog\/#\/schema\/person\/cd6a4724a94cbf8a6bcf1746b8090e78\"},\"description\":\"\u00bfA qu\u00e9 edad se puede llevar patinete el\u00e9ctrico? Respuestas AQU\u00cd con consideraciones a tener en cuenta.\",\"breadcrumb\":{\"@id\":\"https:\/\/msrbikes.com\/blog\/edad-llevar-patinete-electrico\/#breadcrumb\"},\"inLanguage\":\"es\",\"potentialAction\":[{\"@type\":\"ReadAction\",\"target\":[\"https:\/\/msrbikes.com\/blog\/edad-llevar-patinete-electrico\/\"]}]},{\"@type\":\"ImageObject\",\"inLanguage\":\"es\",\"@id\":\"https:\/\/msrbikes.com\/blog\/edad-llevar-patinete-electrico\/#primaryimage\",\"url\":\"https:\/\/msrbikes.com\/blog\/wp-content\/uploads\/2024\/02\/boy-riding-an-electric-scooter-2023-11-27-05-09-50-utc.jpg\",\"contentUrl\":\"https:\/\/msrbikes.com\/blog\/wp-content\/uploads\/2024\/02\/boy-riding-an-electric-scooter-2023-11-27-05-09-50-utc.jpg\",\"width\":1152,\"height\":768,\"caption\":\"\u00bfA qu\u00e9 edad se puede llevar patinete el\u00e9ctrico?\"},{\"@type\":\"BreadcrumbList\",\"@id\":\"https:\/\/msrbikes.com\/blog\/edad-llevar-patinete-electrico\/#breadcrumb\",\"itemListElement\":[{\"@type\":\"ListItem\",\"position\":1,\"name\":\"Portada\",\"item\":\"https:\/\/msrbikes.com\/blog\/\"},{\"@type\":\"ListItem\",\"position\":2,\"name\":\"\u00bfA qu\u00e9 edad se puede llevar patinete el\u00e9ctrico?\"}]},{\"@type\":\"WebSite\",\"@id\":\"https:\/\/msrbikes.com\/blog\/#website\",\"url\":\"https:\/\/msrbikes.com\/blog\/\",\"name\":\"MSRBikes\",\"description\":\"Blog y Noticias sobre ciclismo\",\"potentialAction\":[{\"@type\":\"SearchAction\",\"target\":{\"@type\":\"EntryPoint\",\"urlTemplate\":\"https:\/\/msrbikes.com\/blog\/?s={search_term_string}\"},\"query-input\":{\"@type\":\"PropertyValueSpecification\",\"valueRequired\":true,\"valueName\":\"search_term_string\"}}],\"inLanguage\":\"es\"},{\"@type\":\"Person\",\"@id\":\"https:\/\/msrbikes.com\/blog\/#\/schema\/person\/cd6a4724a94cbf8a6bcf1746b8090e78\",\"name\":\"admin\",\"image\":{\"@type\":\"ImageObject\",\"inLanguage\":\"es\",\"@id\":\"https:\/\/secure.gravatar.com\/avatar\/0898640160723bae5c7a7111eea4eaa7da07586936a61052d26a034f246b8c09?s=96&d=mm&r=g\",\"url\":\"https:\/\/secure.gravatar.com\/avatar\/0898640160723bae5c7a7111eea4eaa7da07586936a61052d26a034f246b8c09?s=96&d=mm&r=g\",\"contentUrl\":\"https:\/\/secure.gravatar.com\/avatar\/0898640160723bae5c7a7111eea4eaa7da07586936a61052d26a034f246b8c09?s=96&d=mm&r=g\",\"caption\":\"admin\"},\"sameAs\":[\"https:\/\/msrbikes.com\/blog\"]}]}<\/script>\n<!-- \/ Yoast SEO Premium plugin. -->","yoast_head_json":{"title":"\u00bfA qu\u00e9 edad se puede llevar patinete el\u00e9ctrico?","description":"\u00bfA qu\u00e9 edad se puede llevar patinete el\u00e9ctrico? Respuestas AQU\u00cd con consideraciones a tener en cuenta.","robots":{"index":"index","follow":"follow","max-snippet":"max-snippet:-1","max-image-preview":"max-image-preview:large","max-video-preview":"max-video-preview:-1"},"canonical":"https:\/\/msrbikes.com\/blog\/edad-llevar-patinete-electrico\/","og_locale":"es_ES","og_type":"article","og_title":"\u00bfA qu\u00e9 edad se puede llevar patinete el\u00e9ctrico?","og_description":"\u00bfA qu\u00e9 edad se puede llevar patinete el\u00e9ctrico? Respuestas AQU\u00cd con consideraciones a tener en cuenta.","og_url":"https:\/\/msrbikes.com\/blog\/edad-llevar-patinete-electrico\/","og_site_name":"MSRBikes","article_published_time":"2024-02-12T15:29:18+00:00","article_modified_time":"2024-07-26T08:06:41+00:00","og_image":[{"width":1152,"height":768,"url":"https:\/\/msrbikes.com\/blog\/wp-content\/uploads\/2024\/02\/boy-riding-an-electric-scooter-2023-11-27-05-09-50-utc.jpg","type":"image\/jpeg"}],"author":"admin","twitter_card":"summary_large_image","twitter_misc":{"Escrito por":"admin","Tiempo de lectura":"3 minutos"},"schema":{"@context":"https:\/\/schema.org","@graph":[{"@type":"Article","@id":"https:\/\/msrbikes.com\/blog\/edad-llevar-patinete-electrico\/#article","isPartOf":{"@id":"https:\/\/msrbikes.com\/blog\/edad-llevar-patinete-electrico\/"},"author":{"name":"admin","@id":"https:\/\/msrbikes.com\/blog\/#\/schema\/person\/cd6a4724a94cbf8a6bcf1746b8090e78"},"headline":"\u00bfA qu\u00e9 edad se puede llevar patinete el\u00e9ctrico?","datePublished":"2024-02-12T15:29:18+00:00","dateModified":"2024-07-26T08:06:41+00:00","mainEntityOfPage":{"@id":"https:\/\/msrbikes.com\/blog\/edad-llevar-patinete-electrico\/"},"wordCount":532,"commentCount":0,"image":{"@id":"https:\/\/msrbikes.com\/blog\/edad-llevar-patinete-electrico\/#primaryimage"},"thumbnailUrl":"https:\/\/msrbikes.com\/blog\/wp-content\/uploads\/2024\/02\/boy-riding-an-electric-scooter-2023-11-27-05-09-50-utc.jpg","articleSection":["PATINETES EL\u00c9CTRICOS"],"inLanguage":"es","potentialAction":[{"@type":"CommentAction","name":"Comment","target":["https:\/\/msrbikes.com\/blog\/edad-llevar-patinete-electrico\/#respond"]}]},{"@type":"WebPage","@id":"https:\/\/msrbikes.com\/blog\/edad-llevar-patinete-electrico\/","url":"https:\/\/msrbikes.com\/blog\/edad-llevar-patinete-electrico\/","name":"\u00bfA qu\u00e9 edad se puede llevar patinete el\u00e9ctrico?","isPartOf":{"@id":"https:\/\/msrbikes.com\/blog\/#website"},"primaryImageOfPage":{"@id":"https:\/\/msrbikes.com\/blog\/edad-llevar-patinete-electrico\/#primaryimage"},"image":{"@id":"https:\/\/msrbikes.com\/blog\/edad-llevar-patinete-electrico\/#primaryimage"},"thumbnailUrl":"https:\/\/msrbikes.com\/blog\/wp-content\/uploads\/2024\/02\/boy-riding-an-electric-scooter-2023-11-27-05-09-50-utc.jpg","datePublished":"2024-02-12T15:29:18+00:00","dateModified":"2024-07-26T08:06:41+00:00","author":{"@id":"https:\/\/msrbikes.com\/blog\/#\/schema\/person\/cd6a4724a94cbf8a6bcf1746b8090e78"},"description":"\u00bfA qu\u00e9 edad se puede llevar patinete el\u00e9ctrico? Respuestas AQU\u00cd con consideraciones a tener en cuenta.","breadcrumb":{"@id":"https:\/\/msrbikes.com\/blog\/edad-llevar-patinete-electrico\/#breadcrumb"},"inLanguage":"es","potentialAction":[{"@type":"ReadAction","target":["https:\/\/msrbikes.com\/blog\/edad-llevar-patinete-electrico\/"]}]},{"@type":"ImageObject","inLanguage":"es","@id":"https:\/\/msrbikes.com\/blog\/edad-llevar-patinete-electrico\/#primaryimage","url":"https:\/\/msrbikes.com\/blog\/wp-content\/uploads\/2024\/02\/boy-riding-an-electric-scooter-2023-11-27-05-09-50-utc.jpg","contentUrl":"https:\/\/msrbikes.com\/blog\/wp-content\/uploads\/2024\/02\/boy-riding-an-electric-scooter-2023-11-27-05-09-50-utc.jpg","width":1152,"height":768,"caption":"\u00bfA qu\u00e9 edad se puede llevar patinete el\u00e9ctrico?"},{"@type":"BreadcrumbList","@id":"https:\/\/msrbikes.com\/blog\/edad-llevar-patinete-electrico\/#breadcrumb","itemListElement":[{"@type":"ListItem","position":1,"name":"Portada","item":"https:\/\/msrbikes.com\/blog\/"},{"@type":"ListItem","position":2,"name":"\u00bfA qu\u00e9 edad se puede llevar patinete el\u00e9ctrico?"}]},{"@type":"WebSite","@id":"https:\/\/msrbikes.com\/blog\/#website","url":"https:\/\/msrbikes.com\/blog\/","name":"MSRBikes","description":"Blog y Noticias sobre ciclismo","potentialAction":[{"@type":"SearchAction","target":{"@type":"EntryPoint","urlTemplate":"https:\/\/msrbikes.com\/blog\/?s={search_term_string}"},"query-input":{"@type":"PropertyValueSpecification","valueRequired":true,"valueName":"search_term_string"}}],"inLanguage":"es"},{"@type":"Person","@id":"https:\/\/msrbikes.com\/blog\/#\/schema\/person\/cd6a4724a94cbf8a6bcf1746b8090e78","name":"admin","image":{"@type":"ImageObject","inLanguage":"es","@id":"https:\/\/secure.gravatar.com\/avatar\/0898640160723bae5c7a7111eea4eaa7da07586936a61052d26a034f246b8c09?s=96&d=mm&r=g","url":"https:\/\/secure.gravatar.com\/avatar\/0898640160723bae5c7a7111eea4eaa7da07586936a61052d26a034f246b8c09?s=96&d=mm&r=g","contentUrl":"https:\/\/secure.gravatar.com\/avatar\/0898640160723bae5c7a7111eea4eaa7da07586936a61052d26a034f246b8c09?s=96&d=mm&r=g","caption":"admin"},"sameAs":["https:\/\/msrbikes.com\/blog"]}]}},"jetpack_featured_media_url":"https:\/\/msrbikes.com\/blog\/wp-content\/uploads\/2024\/02\/boy-riding-an-electric-scooter-2023-11-27-05-09-50-utc.jpg","_links":{"self":[{"href":"https:\/\/msrbikes.com\/blog\/wp-json\/wp\/v2\/posts\/344","targetHints":{"allow":["GET"]}}],"collection":[{"href":"https:\/\/msrbikes.com\/blog\/wp-json\/wp\/v2\/posts"}],"about":[{"href":"https:\/\/msrbikes.com\/blog\/wp-json\/wp\/v2\/types\/post"}],"author":[{"embeddable":true,"href":"https:\/\/msrbikes.com\/blog\/wp-json\/wp\/v2\/users\/1"}],"replies":[{"embeddable":true,"href":"https:\/\/msrbikes.com\/blog\/wp-json\/wp\/v2\/comments?post=344"}],"version-history":[{"count":4,"href":"https:\/\/msrbikes.com\/blog\/wp-json\/wp\/v2\/posts\/344\/revisions"}],"predecessor-version":[{"id":432,"href":"https:\/\/msrbikes.com\/blog\/wp-json\/wp\/v2\/posts\/344\/revisions\/432"}],"wp:featuredmedia":[{"embeddable":true,"href":"https:\/\/msrbikes.com\/blog\/wp-json\/wp\/v2\/media\/346"}],"wp:attachment":[{"href":"https:\/\/msrbikes.com\/blog\/wp-json\/wp\/v2\/media?parent=344"}],"wp:term":[{"taxonomy":"category","embeddable":true,"href":"https:\/\/msrbikes.com\/blog\/wp-json\/wp\/v2\/categories?post=344"},{"taxonomy":"post_tag","embeddable":true,"href":"https:\/\/msrbikes.com\/blog\/wp-json\/wp\/v2\/tags?post=344"}],"curies":[{"name":"wp","href":"https:\/\/api.w.org\/{rel}","templated":true}]}}